{"id":930,"date":"2017-10-28T18:31:03","date_gmt":"2017-10-28T18:31:03","guid":{"rendered":"http:\/\/auques.cat\/bloc\/?p=930"},"modified":"2017-12-24T16:02:10","modified_gmt":"2017-12-24T16:02:10","slug":"presentacio-de-lauca-dalbert-jane","status":"publish","type":"post","link":"https:\/\/auques.cat\/bloc\/?p=930","title":{"rendered":"PRESENTACI\u00d3 DE L&#8217;AUCA D&#8217;ALBERT JAN\u00c9"},"content":{"rendered":"<p>Dissabte, 21 d&#8217;octubre, una quinzena de comensals de la Colla Pessigolla, al restaurant de l&#8217;Ateneu Barcelon\u00e8s, vam homenatjar el mestre Albert Jan\u00e9. Entre plat i plat vam anar desgranant les sorpreses que li hav\u00edem preparat, entre les quals la presentaci\u00f3 de la seva auca i uns acr\u00f2stics\u00a0 escrits per Josep F\u00e0brega. Despr\u00e9s,\u00a0disposats a mantenir-nos &#8220;fidels per sempre m\u00e9s al servei d&#8217;aquest poble,&#8221; v\u00e0rem assistir a la manifestaci\u00f3 convocada per reclamar la llibertat de Jordi S\u00e0nchez i Jordi Cuixart, dos dels nostres l\u00edders injustament empresonats.<\/p>\n<p style=\"text-align: center\"><a href=\"https:\/\/auques.cat\/bloc\/wp-content\/uploads\/2017\/10\/P1010481-copia.jpg\"><img loading=\"lazy\" decoding=\"async\" class=\"alignnone size-medium wp-image-934\" src=\"https:\/\/auques.cat\/bloc\/wp-content\/uploads\/2017\/10\/P1010481-copia-300x224.jpg\" alt=\"\" width=\"300\" height=\"224\" srcset=\"https:\/\/auques.cat\/bloc\/wp-content\/uploads\/2017\/10\/P1010481-copia-300x224.jpg 300w, https:\/\/auques.cat\/bloc\/wp-content\/uploads\/2017\/10\/P1010481-copia-768x574.jpg 768w, https:\/\/auques.cat\/bloc\/wp-content\/uploads\/2017\/10\/P1010481-copia-1024x766.jpg 1024w\" sizes=\"auto, (max-width: 300px) 100vw, 300px\" \/><\/a><\/p>\n<p style=\"text-align: center\"><a href=\"https:\/\/auques.cat\/bloc\/wp-content\/uploads\/2017\/10\/original-48-vinyetes-2-versos-C\u00f2pia-2-1.jpg\"><img loading=\"lazy\" decoding=\"async\" class=\"alignnone size-medium wp-image-962\" src=\"https:\/\/auques.cat\/bloc\/wp-content\/uploads\/2017\/10\/original-48-vinyetes-2-versos-C\u00f2pia-2-1-208x300.jpg\" alt=\"\" width=\"208\" height=\"300\" srcset=\"https:\/\/auques.cat\/bloc\/wp-content\/uploads\/2017\/10\/original-48-vinyetes-2-versos-C\u00f2pia-2-1-208x300.jpg 208w, https:\/\/auques.cat\/bloc\/wp-content\/uploads\/2017\/10\/original-48-vinyetes-2-versos-C\u00f2pia-2-1-768x1109.jpg 768w, https:\/\/auques.cat\/bloc\/wp-content\/uploads\/2017\/10\/original-48-vinyetes-2-versos-C\u00f2pia-2-1-709x1024.jpg 709w, https:\/\/auques.cat\/bloc\/wp-content\/uploads\/2017\/10\/original-48-vinyetes-2-versos-C\u00f2pia-2-1.jpg 1316w\" sizes=\"auto, (max-width: 208px) 100vw, 208px\" \/><\/a><\/p>\n<p style=\"text-align: center\">\n","protected":false},"excerpt":{"rendered":"<p>Dissabte, 21 d&#8217;octubre, una quinzena de comensals de la Colla Pessigolla, al restaurant de l&#8217;Ateneu Barcelon\u00e8s, vam homenatjar el mestre Albert Jan\u00e9. Entre plat i plat vam anar desgranant les sorpreses que li hav\u00edem preparat, entre les quals la presentaci\u00f3 de la seva auca i uns acr\u00f2stics\u00a0 escrits per Josep F\u00e0brega. Despr\u00e9s,\u00a0disposats a mantenir-nos &#8220;fidels &hellip; <a href=\"https:\/\/auques.cat\/bloc\/?p=930\" class=\"more-link\">Continua la lectura de <span class=\"screen-reader-text\">PRESENTACI\u00d3 DE L&#8217;AUCA D&#8217;ALBERT JAN\u00c9<\/span><\/a><\/p>\n","protected":false},"author":4,"featured_media":0,"comment_status":"open","ping_status":"open","sticky":false,"template":"","format":"standard","meta":{"footnotes":""},"categories":[3],"tags":[],"class_list":["post-930","post","type-post","status-publish","format-standard","hentry","category-noticies"],"_links":{"self":[{"href":"https:\/\/auques.cat\/bloc\/index.php?rest_route=\/wp\/v2\/posts\/930","targetHints":{"allow":["GET"]}}],"collection":[{"href":"https:\/\/auques.cat\/bloc\/index.php?rest_route=\/wp\/v2\/posts"}],"about":[{"href":"https:\/\/auques.cat\/bloc\/index.php?rest_route=\/wp\/v2\/types\/post"}],"author":[{"embeddable":true,"href":"https:\/\/auques.cat\/bloc\/index.php?rest_route=\/wp\/v2\/users\/4"}],"replies":[{"embeddable":true,"href":"https:\/\/auques.cat\/bloc\/index.php?rest_route=%2Fwp%2Fv2%2Fcomments&post=930"}],"version-history":[{"count":5,"href":"https:\/\/auques.cat\/bloc\/index.php?rest_route=\/wp\/v2\/posts\/930\/revisions"}],"predecessor-version":[{"id":963,"href":"https:\/\/auques.cat\/bloc\/index.php?rest_route=\/wp\/v2\/posts\/930\/revisions\/963"}],"wp:attachment":[{"href":"https:\/\/auques.cat\/bloc\/index.php?rest_route=%2Fwp%2Fv2%2Fmedia&parent=930"}],"wp:term":[{"taxonomy":"category","embeddable":true,"href":"https:\/\/auques.cat\/bloc\/index.php?rest_route=%2Fwp%2Fv2%2Fcategories&post=930"},{"taxonomy":"post_tag","embeddable":true,"href":"https:\/\/auques.cat\/bloc\/index.php?rest_route=%2Fwp%2Fv2%2Ftags&post=930"}],"curies":[{"name":"wp","href":"https:\/\/api.w.org\/{rel}","templated":true}]}}