{"id":824,"date":"2017-05-09T16:30:35","date_gmt":"2017-05-09T16:30:35","guid":{"rendered":"http:\/\/auques.cat\/bloc\/?p=824"},"modified":"2020-01-11T17:11:14","modified_gmt":"2020-01-11T17:11:14","slug":"lauca-del-foc-de-camp","status":"publish","type":"post","link":"https:\/\/auques.cat\/bloc\/?p=824","title":{"rendered":"L&#8217;auca del Foc de Camp"},"content":{"rendered":"<p style=\"text-align: left\"><a href=\"https:\/\/auques.cat\/bloc\/wp-content\/uploads\/2017\/05\/Auca-del-Foc-de-camp.pdf\">Auca del Foc de camp<\/a><\/p>\n<p style=\"text-align: center\">A finals de 1967, \u00a0al meu poble natal, v\u00e0rem fer els pastorets de Folgueroles o &#8220;La lluita eterna&#8221;, del mestre Ernest Morat\u00f3. A partir d&#8217;aqu\u00ed el mar\u00e7 de 1968 sota el &#8220;paraigua&#8221; d&#8217;Amics de Verdaguer,\u00a0 els joves del poble ens vam associar amb el nom de Joventut Verdaguer, vam fer un munt d&#8217;excursions pel territori i ens v\u00e0rem implicar en tots els saraus culturals de la vila, com ara caramelles, teatre, confer\u00e8ncies i en la festa de Verdaguer que es ve celebrant des de 1952, en qu\u00e8 vam recuperar el ball de Muntanya. Aquesta auca, que \u00e9s la primera auca que vaig fer, en dona testimoni. Els dibuixos s\u00f3n de Josep Casadevall, en Carolino, corrandista fam\u00f3s, que aleshores s&#8217;iniciava en el cant improvisat. \u00a0I d&#8217;aix\u00f2 aviat en far\u00e0 50 anys! \u00abTempus fugit, scripta manent.\u00bb<a href=\"https:\/\/auques.cat\/bloc\/wp-content\/uploads\/2017\/05\/1971.jpg\"><img loading=\"lazy\" decoding=\"async\" class=\"size-medium wp-image-827 aligncenter\" src=\"https:\/\/auques.cat\/bloc\/wp-content\/uploads\/2017\/05\/1971-300x210.jpg\" alt=\"\" width=\"300\" height=\"210\" srcset=\"https:\/\/auques.cat\/bloc\/wp-content\/uploads\/2017\/05\/1971-300x210.jpg 300w, https:\/\/auques.cat\/bloc\/wp-content\/uploads\/2017\/05\/1971-768x538.jpg 768w, https:\/\/auques.cat\/bloc\/wp-content\/uploads\/2017\/05\/1971-1024x717.jpg 1024w, https:\/\/auques.cat\/bloc\/wp-content\/uploads\/2017\/05\/1971.jpg 1181w\" sizes=\"auto, (max-width: 300px) 100vw, 300px\" \/><\/a>Caramelles 1971<\/p>\n","protected":false},"excerpt":{"rendered":"<p>Auca del Foc de camp A finals de 1967, \u00a0al meu poble natal, v\u00e0rem fer els pastorets de Folgueroles o &#8220;La lluita eterna&#8221;, del mestre Ernest Morat\u00f3. A partir d&#8217;aqu\u00ed el mar\u00e7 de 1968 sota el &#8220;paraigua&#8221; d&#8217;Amics de Verdaguer,\u00a0 els joves del poble ens vam associar amb el nom de Joventut Verdaguer, vam fer &hellip; <a href=\"https:\/\/auques.cat\/bloc\/?p=824\" class=\"more-link\">Continua la lectura de <span class=\"screen-reader-text\">L&#8217;auca del Foc de Camp<\/span><\/a><\/p>\n","protected":false},"author":4,"featured_media":0,"comment_status":"open","ping_status":"open","sticky":false,"template":"","format":"standard","meta":{"footnotes":""},"categories":[3],"tags":[],"class_list":["post-824","post","type-post","status-publish","format-standard","hentry","category-noticies"],"_links":{"self":[{"href":"https:\/\/auques.cat\/bloc\/index.php?rest_route=\/wp\/v2\/posts\/824","targetHints":{"allow":["GET"]}}],"collection":[{"href":"https:\/\/auques.cat\/bloc\/index.php?rest_route=\/wp\/v2\/posts"}],"about":[{"href":"https:\/\/auques.cat\/bloc\/index.php?rest_route=\/wp\/v2\/types\/post"}],"author":[{"embeddable":true,"href":"https:\/\/auques.cat\/bloc\/index.php?rest_route=\/wp\/v2\/users\/4"}],"replies":[{"embeddable":true,"href":"https:\/\/auques.cat\/bloc\/index.php?rest_route=%2Fwp%2Fv2%2Fcomments&post=824"}],"version-history":[{"count":8,"href":"https:\/\/auques.cat\/bloc\/index.php?rest_route=\/wp\/v2\/posts\/824\/revisions"}],"predecessor-version":[{"id":1192,"href":"https:\/\/auques.cat\/bloc\/index.php?rest_route=\/wp\/v2\/posts\/824\/revisions\/1192"}],"wp:attachment":[{"href":"https:\/\/auques.cat\/bloc\/index.php?rest_route=%2Fwp%2Fv2%2Fmedia&parent=824"}],"wp:term":[{"taxonomy":"category","embeddable":true,"href":"https:\/\/auques.cat\/bloc\/index.php?rest_route=%2Fwp%2Fv2%2Fcategories&post=824"},{"taxonomy":"post_tag","embeddable":true,"href":"https:\/\/auques.cat\/bloc\/index.php?rest_route=%2Fwp%2Fv2%2Ftags&post=824"}],"curies":[{"name":"wp","href":"https:\/\/api.w.org\/{rel}","templated":true}]}}