{"id":767,"date":"2016-09-04T08:42:01","date_gmt":"2016-09-04T08:42:01","guid":{"rendered":"http:\/\/auques.cat\/bloc\/?p=767"},"modified":"2021-12-15T10:32:52","modified_gmt":"2021-12-15T10:32:52","slug":"presentacio-auca-de-les-homilies-dorganya","status":"publish","type":"post","link":"https:\/\/auques.cat\/bloc\/?p=767","title":{"rendered":"Presentaci\u00f3 Auca de les Homilies d&#8217;Organy\u00e0"},"content":{"rendered":"<p>&nbsp;<\/p>\n<p>&nbsp;<\/p>\n<p><a href=\"https:\/\/auques.cat\/bloc\/wp-content\/uploads\/2016\/09\/IMG-20160906-WA0004.jpg\"><img loading=\"lazy\" decoding=\"async\" class=\"size-medium wp-image-771 aligncenter\" src=\"https:\/\/auques.cat\/bloc\/wp-content\/uploads\/2016\/09\/IMG-20160906-WA0004-300x224.jpg\" alt=\"IMG-20160906-WA0004\" width=\"300\" height=\"224\" srcset=\"https:\/\/auques.cat\/bloc\/wp-content\/uploads\/2016\/09\/IMG-20160906-WA0004-300x224.jpg 300w, https:\/\/auques.cat\/bloc\/wp-content\/uploads\/2016\/09\/IMG-20160906-WA0004-768x574.jpg 768w, https:\/\/auques.cat\/bloc\/wp-content\/uploads\/2016\/09\/IMG-20160906-WA0004-1024x765.jpg 1024w, https:\/\/auques.cat\/bloc\/wp-content\/uploads\/2016\/09\/IMG-20160906-WA0004.jpg 1600w\" sizes=\"auto, (max-width: 300px) 100vw, 300px\" \/><\/a><\/p>\n<p style=\"text-align: left\">Dissabte dia 3 de setembre a Organy\u00e0, a l&#8217;Espai &nbsp;Museu, &nbsp;vam fer la <a href=\"http:\/\/www.vilaweb.cat\/noticies\/el-pirineu-omple-de-literatura-organya\/\">presentaci\u00f3 de Auca de les Homilies d&#8217;Organy\u00e0<\/a>&nbsp;promoguda pels Amics de les Homilies i patrocinada per l&#8217;Ajuntament de la vila. Els dibuixos s\u00f3n obra de l&#8217;artista local, la pintora \u00c0ngels Carbonell. Confiem que aquest nou material sigui \u00fatil per divulgar un dels textos m\u00e9s antics de les lletres catalanes i el primer amb valor literari.<\/p>\n<p style=\"text-align: center\"><a href=\"https:\/\/auques.cat\/bloc\/wp-content\/uploads\/2016\/09\/IMG-20160906-WA0002.jpg\"><img loading=\"lazy\" decoding=\"async\" class=\"alignnone size-medium wp-image-774\" src=\"https:\/\/auques.cat\/bloc\/wp-content\/uploads\/2016\/09\/IMG-20160906-WA0002-224x300.jpg\" alt=\"IMG-20160906-WA0002\" width=\"224\" height=\"300\" srcset=\"https:\/\/auques.cat\/bloc\/wp-content\/uploads\/2016\/09\/IMG-20160906-WA0002-224x300.jpg 224w, https:\/\/auques.cat\/bloc\/wp-content\/uploads\/2016\/09\/IMG-20160906-WA0002-768x1028.jpg 768w, https:\/\/auques.cat\/bloc\/wp-content\/uploads\/2016\/09\/IMG-20160906-WA0002-765x1024.jpg 765w, https:\/\/auques.cat\/bloc\/wp-content\/uploads\/2016\/09\/IMG-20160906-WA0002.jpg 1195w\" sizes=\"auto, (max-width: 224px) 100vw, 224px\" \/><\/a><\/p>\n\n\n<figure class=\"wp-block-image size-large\"><a href=\"https:\/\/auques.cat\/bloc\/wp-content\/uploads\/2016\/09\/auca-homilies-2-copia-13-copia-copia-scaled.jpg\"><img loading=\"lazy\" decoding=\"async\" width=\"667\" height=\"1024\" src=\"https:\/\/auques.cat\/bloc\/wp-content\/uploads\/2016\/09\/auca-homilies-2-copia-13-copia-copia-667x1024.jpg\" alt=\"\" class=\"wp-image-1273\" srcset=\"https:\/\/auques.cat\/bloc\/wp-content\/uploads\/2016\/09\/auca-homilies-2-copia-13-copia-copia-667x1024.jpg 667w, https:\/\/auques.cat\/bloc\/wp-content\/uploads\/2016\/09\/auca-homilies-2-copia-13-copia-copia-196x300.jpg 196w, https:\/\/auques.cat\/bloc\/wp-content\/uploads\/2016\/09\/auca-homilies-2-copia-13-copia-copia-768x1178.jpg 768w, https:\/\/auques.cat\/bloc\/wp-content\/uploads\/2016\/09\/auca-homilies-2-copia-13-copia-copia-1001x1536.jpg 1001w, https:\/\/auques.cat\/bloc\/wp-content\/uploads\/2016\/09\/auca-homilies-2-copia-13-copia-copia-1335x2048.jpg 1335w, https:\/\/auques.cat\/bloc\/wp-content\/uploads\/2016\/09\/auca-homilies-2-copia-13-copia-copia-scaled.jpg 1668w\" sizes=\"auto, (max-width: 667px) 100vw, 667px\" \/><\/a><\/figure>\n","protected":false},"excerpt":{"rendered":"<p>&nbsp; &nbsp; Dissabte dia 3 de setembre a Organy\u00e0, a l&#8217;Espai &nbsp;Museu, &nbsp;vam fer la presentaci\u00f3 de Auca de les Homilies d&#8217;Organy\u00e0&nbsp;promoguda pels Amics de les Homilies i patrocinada per l&#8217;Ajuntament de la vila. Els dibuixos s\u00f3n obra de l&#8217;artista local, la pintora \u00c0ngels Carbonell. Confiem que aquest nou material sigui \u00fatil per divulgar un &hellip; <a href=\"https:\/\/auques.cat\/bloc\/?p=767\" class=\"more-link\">Continua la lectura de <span class=\"screen-reader-text\">Presentaci\u00f3 Auca de les Homilies d&#8217;Organy\u00e0<\/span><\/a><\/p>\n","protected":false},"author":4,"featured_media":0,"comment_status":"open","ping_status":"open","sticky":false,"template":"","format":"standard","meta":{"footnotes":""},"categories":[3],"tags":[],"class_list":["post-767","post","type-post","status-publish","format-standard","hentry","category-noticies"],"_links":{"self":[{"href":"https:\/\/auques.cat\/bloc\/index.php?rest_route=\/wp\/v2\/posts\/767","targetHints":{"allow":["GET"]}}],"collection":[{"href":"https:\/\/auques.cat\/bloc\/index.php?rest_route=\/wp\/v2\/posts"}],"about":[{"href":"https:\/\/auques.cat\/bloc\/index.php?rest_route=\/wp\/v2\/types\/post"}],"author":[{"embeddable":true,"href":"https:\/\/auques.cat\/bloc\/index.php?rest_route=\/wp\/v2\/users\/4"}],"replies":[{"embeddable":true,"href":"https:\/\/auques.cat\/bloc\/index.php?rest_route=%2Fwp%2Fv2%2Fcomments&post=767"}],"version-history":[{"count":7,"href":"https:\/\/auques.cat\/bloc\/index.php?rest_route=\/wp\/v2\/posts\/767\/revisions"}],"predecessor-version":[{"id":1274,"href":"https:\/\/auques.cat\/bloc\/index.php?rest_route=\/wp\/v2\/posts\/767\/revisions\/1274"}],"wp:attachment":[{"href":"https:\/\/auques.cat\/bloc\/index.php?rest_route=%2Fwp%2Fv2%2Fmedia&parent=767"}],"wp:term":[{"taxonomy":"category","embeddable":true,"href":"https:\/\/auques.cat\/bloc\/index.php?rest_route=%2Fwp%2Fv2%2Fcategories&post=767"},{"taxonomy":"post_tag","embeddable":true,"href":"https:\/\/auques.cat\/bloc\/index.php?rest_route=%2Fwp%2Fv2%2Ftags&post=767"}],"curies":[{"name":"wp","href":"https:\/\/api.w.org\/{rel}","templated":true}]}}