{"id":718,"date":"2016-08-04T10:09:20","date_gmt":"2016-08-04T10:09:20","guid":{"rendered":"http:\/\/auques.cat\/bloc\/?p=718"},"modified":"2016-08-25T14:28:38","modified_gmt":"2016-08-25T14:28:38","slug":"auca-de-j-v-foix","status":"publish","type":"post","link":"https:\/\/auques.cat\/bloc\/?p=718","title":{"rendered":"Auca de J.V. Foix"},"content":{"rendered":"<p style=\"text-align: center;\"><a href=\"http:\/\/auques.cat\/auca.php?auca=foix\" target=\"_blank\"><img loading=\"lazy\" decoding=\"async\" class=\"alignnone size-medium wp-image-723\" src=\"https:\/\/auques.cat\/bloc\/wp-content\/uploads\/2016\/08\/Auca-JVFoix-38-300x300.jpg\" alt=\"Auca JVFoix 38\" width=\"300\" height=\"300\" srcset=\"https:\/\/auques.cat\/bloc\/wp-content\/uploads\/2016\/08\/Auca-JVFoix-38-300x300.jpg 300w, https:\/\/auques.cat\/bloc\/wp-content\/uploads\/2016\/08\/Auca-JVFoix-38-150x150.jpg 150w, https:\/\/auques.cat\/bloc\/wp-content\/uploads\/2016\/08\/Auca-JVFoix-38.jpg 400w\" sizes=\"auto, (max-width: 300px) 100vw, 300px\" \/><\/a><\/p>\n<p style=\"text-align: left;\">Gr\u00e0cies a l&#8217;inter\u00e8s de dues actives professores de l&#8217;IES \u00a0PERE FONTDEVILA \u00a0de GIRONELLA, per segona vegada, \u00a0 (el curs passat van dibuixar la de Maria Merc\u00e8 Mar\u00e7al) us presentem el fruit del treball dels seus alumnes del Batxillerat Art\u00edstic. A partir de la lletra de l&#8217;auca s&#8217;han endinsat en l&#8217;obra de J.V. Foix i n&#8217;han il\u00b7lustrat la lletra de l&#8217;auca.<\/p>\n","protected":false},"excerpt":{"rendered":"<p>Gr\u00e0cies a l&#8217;inter\u00e8s de dues actives professores de l&#8217;IES \u00a0PERE FONTDEVILA \u00a0de GIRONELLA, per segona vegada, \u00a0 (el curs passat van dibuixar la de Maria Merc\u00e8 Mar\u00e7al) us presentem el fruit del treball dels seus alumnes del Batxillerat Art\u00edstic. A partir de la lletra de l&#8217;auca s&#8217;han endinsat en l&#8217;obra de J.V. Foix i n&#8217;han &hellip; <a href=\"https:\/\/auques.cat\/bloc\/?p=718\" class=\"more-link\">Continua la lectura de <span class=\"screen-reader-text\">Auca de J.V. Foix<\/span><\/a><\/p>\n","protected":false},"author":4,"featured_media":0,"comment_status":"open","ping_status":"open","sticky":false,"template":"","format":"standard","meta":{"footnotes":""},"categories":[3],"tags":[],"class_list":["post-718","post","type-post","status-publish","format-standard","hentry","category-noticies"],"_links":{"self":[{"href":"https:\/\/auques.cat\/bloc\/index.php?rest_route=\/wp\/v2\/posts\/718","targetHints":{"allow":["GET"]}}],"collection":[{"href":"https:\/\/auques.cat\/bloc\/index.php?rest_route=\/wp\/v2\/posts"}],"about":[{"href":"https:\/\/auques.cat\/bloc\/index.php?rest_route=\/wp\/v2\/types\/post"}],"author":[{"embeddable":true,"href":"https:\/\/auques.cat\/bloc\/index.php?rest_route=\/wp\/v2\/users\/4"}],"replies":[{"embeddable":true,"href":"https:\/\/auques.cat\/bloc\/index.php?rest_route=%2Fwp%2Fv2%2Fcomments&post=718"}],"version-history":[{"count":8,"href":"https:\/\/auques.cat\/bloc\/index.php?rest_route=\/wp\/v2\/posts\/718\/revisions"}],"predecessor-version":[{"id":766,"href":"https:\/\/auques.cat\/bloc\/index.php?rest_route=\/wp\/v2\/posts\/718\/revisions\/766"}],"wp:attachment":[{"href":"https:\/\/auques.cat\/bloc\/index.php?rest_route=%2Fwp%2Fv2%2Fmedia&parent=718"}],"wp:term":[{"taxonomy":"category","embeddable":true,"href":"https:\/\/auques.cat\/bloc\/index.php?rest_route=%2Fwp%2Fv2%2Fcategories&post=718"},{"taxonomy":"post_tag","embeddable":true,"href":"https:\/\/auques.cat\/bloc\/index.php?rest_route=%2Fwp%2Fv2%2Ftags&post=718"}],"curies":[{"name":"wp","href":"https:\/\/api.w.org\/{rel}","templated":true}]}}