{"id":635,"date":"2016-01-25T09:34:55","date_gmt":"2016-01-25T09:34:55","guid":{"rendered":"http:\/\/auques.cat\/bloc\/?p=635"},"modified":"2016-01-25T09:35:02","modified_gmt":"2016-01-25T09:35:02","slug":"auca-de-sant-ignasi-a-manresa","status":"publish","type":"post","link":"https:\/\/auques.cat\/bloc\/?p=635","title":{"rendered":"Auca de sant Ignasi a Manresa"},"content":{"rendered":"<p style=\"text-align: center\"><a href=\"https:\/\/auques.cat\/bloc\/wp-content\/uploads\/2016\/01\/santig5.jpg\"><img loading=\"lazy\" decoding=\"async\" class=\"alignnone size-medium wp-image-645\" src=\"https:\/\/auques.cat\/bloc\/wp-content\/uploads\/2016\/01\/santig5-300x300.jpg\" alt=\"santig5\" width=\"300\" height=\"300\" srcset=\"https:\/\/auques.cat\/bloc\/wp-content\/uploads\/2016\/01\/santig5-300x300.jpg 300w, https:\/\/auques.cat\/bloc\/wp-content\/uploads\/2016\/01\/santig5-150x150.jpg 150w, https:\/\/auques.cat\/bloc\/wp-content\/uploads\/2016\/01\/santig5.jpg 400w\" sizes=\"auto, (max-width: 300px) 100vw, 300px\" \/><\/a><\/p>\n<p>Un dels personatges que va deixar petjada del seu pas per Manresa \u00e9s sens dubte sant Ignasi de Loiola. Aqu\u00ed, fins fa poc, molts manresans posaven el nom del sant als seus fills i abundaven els Nasis. Ara, no, ara abunden els Jonatans i el Kevins al costat dels Marcs, i si queda algun Ignasi li diuen Natxo&#8230; cosa que demostra que recuperar la petjada d&#8217;Ignasi des de la Manresa genu\u00efna no ser\u00e0 cosa f\u00e0cil, per\u00f2 ho intentarem.<\/p>\n<p style=\"text-align: center\"><a href=\"https:\/\/auques.cat\/bloc\/wp-content\/uploads\/2016\/01\/Original-Auca-de-sant-Ignasi-15Mb.pdf\">Original Auca de sant Ignasi<\/a><\/p>\n","protected":false},"excerpt":{"rendered":"<p>Un dels personatges que va deixar petjada del seu pas per Manresa \u00e9s sens dubte sant Ignasi de Loiola. Aqu\u00ed, fins fa poc, molts manresans posaven el nom del sant als seus fills i abundaven els Nasis. Ara, no, ara abunden els Jonatans i el Kevins al costat dels Marcs, i si queda algun Ignasi &hellip; <a href=\"https:\/\/auques.cat\/bloc\/?p=635\" class=\"more-link\">Continua la lectura de <span class=\"screen-reader-text\">Auca de sant Ignasi a Manresa<\/span><\/a><\/p>\n","protected":false},"author":4,"featured_media":0,"comment_status":"open","ping_status":"open","sticky":false,"template":"","format":"standard","meta":{"footnotes":""},"categories":[3],"tags":[],"class_list":["post-635","post","type-post","status-publish","format-standard","hentry","category-noticies"],"_links":{"self":[{"href":"https:\/\/auques.cat\/bloc\/index.php?rest_route=\/wp\/v2\/posts\/635","targetHints":{"allow":["GET"]}}],"collection":[{"href":"https:\/\/auques.cat\/bloc\/index.php?rest_route=\/wp\/v2\/posts"}],"about":[{"href":"https:\/\/auques.cat\/bloc\/index.php?rest_route=\/wp\/v2\/types\/post"}],"author":[{"embeddable":true,"href":"https:\/\/auques.cat\/bloc\/index.php?rest_route=\/wp\/v2\/users\/4"}],"replies":[{"embeddable":true,"href":"https:\/\/auques.cat\/bloc\/index.php?rest_route=%2Fwp%2Fv2%2Fcomments&post=635"}],"version-history":[{"count":3,"href":"https:\/\/auques.cat\/bloc\/index.php?rest_route=\/wp\/v2\/posts\/635\/revisions"}],"predecessor-version":[{"id":646,"href":"https:\/\/auques.cat\/bloc\/index.php?rest_route=\/wp\/v2\/posts\/635\/revisions\/646"}],"wp:attachment":[{"href":"https:\/\/auques.cat\/bloc\/index.php?rest_route=%2Fwp%2Fv2%2Fmedia&parent=635"}],"wp:term":[{"taxonomy":"category","embeddable":true,"href":"https:\/\/auques.cat\/bloc\/index.php?rest_route=%2Fwp%2Fv2%2Fcategories&post=635"},{"taxonomy":"post_tag","embeddable":true,"href":"https:\/\/auques.cat\/bloc\/index.php?rest_route=%2Fwp%2Fv2%2Ftags&post=635"}],"curies":[{"name":"wp","href":"https:\/\/api.w.org\/{rel}","templated":true}]}}