{"id":628,"date":"2016-01-25T08:30:54","date_gmt":"2016-01-25T08:30:54","guid":{"rendered":"http:\/\/auques.cat\/bloc\/?p=628"},"modified":"2017-06-06T21:32:13","modified_gmt":"2017-06-06T21:32:13","slug":"any-ramon-muntaner","status":"publish","type":"post","link":"https:\/\/auques.cat\/bloc\/?p=628","title":{"rendered":"Any Ramon Muntaner"},"content":{"rendered":"<p style=\"text-align: center\"><a href=\"https:\/\/auques.cat\/bloc\/wp-content\/uploads\/2016\/01\/munt10.jpg\"><img loading=\"lazy\" decoding=\"async\" class=\"alignnone size-medium wp-image-631\" src=\"https:\/\/auques.cat\/bloc\/wp-content\/uploads\/2016\/01\/munt10-300x225.jpg\" alt=\"munt10\" width=\"300\" height=\"225\" srcset=\"https:\/\/auques.cat\/bloc\/wp-content\/uploads\/2016\/01\/munt10-300x225.jpg 300w, https:\/\/auques.cat\/bloc\/wp-content\/uploads\/2016\/01\/munt10.jpg 400w\" sizes=\"auto, (max-width: 300px) 100vw, 300px\" \/><\/a><\/p>\n<p style=\"text-align: left\">Qu\u00e8 millor, que poder comptar amb una auca, per celebrar l&#8217;any Ramon Muntaner, fill de Perelada? De moment breguem per la seva publicaci\u00f3 amb dibuixos i en paper, i mentrestant des de la Paret de les auques,\u00a0us oferim l&#8217;auca en format &#8220;auca de pobre&#8221;.<\/p>\n<p style=\"text-align: left\">Juliol de 2016. Ha passat l&#8217;any Muntaner i tot i haver ofert la lletra d&#8217;aquesta auca per a la seva publicaci\u00f3 amb dibuixos a l&#8217;Ajuntament de Peralada i a l&#8217;IRMU, no ens n&#8217;hem sortit. No m&#8217;han dit mai que no. Senzillament, han deixat passar el temps. \u00a0&#8220;D\u00e9u d\u00f3na faves a qui no t\u00e9 queixals!&#8221;.<\/p>\n","protected":false},"excerpt":{"rendered":"<p>Qu\u00e8 millor, que poder comptar amb una auca, per celebrar l&#8217;any Ramon Muntaner, fill de Perelada? De moment breguem per la seva publicaci\u00f3 amb dibuixos i en paper, i mentrestant des de la Paret de les auques,\u00a0us oferim l&#8217;auca en format &#8220;auca de pobre&#8221;. Juliol de 2016. Ha passat l&#8217;any Muntaner i tot i haver &hellip; <a href=\"https:\/\/auques.cat\/bloc\/?p=628\" class=\"more-link\">Continua la lectura de <span class=\"screen-reader-text\">Any Ramon Muntaner<\/span><\/a><\/p>\n","protected":false},"author":4,"featured_media":0,"comment_status":"open","ping_status":"open","sticky":false,"template":"","format":"standard","meta":{"footnotes":""},"categories":[3],"tags":[],"class_list":["post-628","post","type-post","status-publish","format-standard","hentry","category-noticies"],"_links":{"self":[{"href":"https:\/\/auques.cat\/bloc\/index.php?rest_route=\/wp\/v2\/posts\/628","targetHints":{"allow":["GET"]}}],"collection":[{"href":"https:\/\/auques.cat\/bloc\/index.php?rest_route=\/wp\/v2\/posts"}],"about":[{"href":"https:\/\/auques.cat\/bloc\/index.php?rest_route=\/wp\/v2\/types\/post"}],"author":[{"embeddable":true,"href":"https:\/\/auques.cat\/bloc\/index.php?rest_route=\/wp\/v2\/users\/4"}],"replies":[{"embeddable":true,"href":"https:\/\/auques.cat\/bloc\/index.php?rest_route=%2Fwp%2Fv2%2Fcomments&post=628"}],"version-history":[{"count":7,"href":"https:\/\/auques.cat\/bloc\/index.php?rest_route=\/wp\/v2\/posts\/628\/revisions"}],"predecessor-version":[{"id":850,"href":"https:\/\/auques.cat\/bloc\/index.php?rest_route=\/wp\/v2\/posts\/628\/revisions\/850"}],"wp:attachment":[{"href":"https:\/\/auques.cat\/bloc\/index.php?rest_route=%2Fwp%2Fv2%2Fmedia&parent=628"}],"wp:term":[{"taxonomy":"category","embeddable":true,"href":"https:\/\/auques.cat\/bloc\/index.php?rest_route=%2Fwp%2Fv2%2Fcategories&post=628"},{"taxonomy":"post_tag","embeddable":true,"href":"https:\/\/auques.cat\/bloc\/index.php?rest_route=%2Fwp%2Fv2%2Ftags&post=628"}],"curies":[{"name":"wp","href":"https:\/\/api.w.org\/{rel}","templated":true}]}}