{"id":569,"date":"2015-07-13T10:50:37","date_gmt":"2015-07-13T10:50:37","guid":{"rendered":"http:\/\/auques.cat\/bloc\/?p=569"},"modified":"2015-08-20T08:25:26","modified_gmt":"2015-08-20T08:25:26","slug":"a-manlleu-falta-gent","status":"publish","type":"post","link":"https:\/\/auques.cat\/bloc\/?p=569","title":{"rendered":"A Manlleu falta gent"},"content":{"rendered":"<p>Dem\u00e0 14 de juliol, \u00a0a Manlleu, \u00a0presentem l&#8217;<em><strong>Auca de la Festa del Serpent de Manlleu<\/strong><\/em>, amb dibuixos \u00a0de Toni Donada, que ha estat publicada en motiu de la inauguraci\u00f3 de l&#8217;exposici\u00f3 que celebra els deu anys de vida de la festa.<\/p>\n<p style=\"text-align: center\"><a href=\"https:\/\/auques.cat\/bloc\/wp-content\/uploads\/2015\/07\/P1010215-C\u00f2pia.jpg\"><img loading=\"lazy\" decoding=\"async\" class=\"alignnone size-medium wp-image-611\" src=\"https:\/\/auques.cat\/bloc\/wp-content\/uploads\/2015\/07\/P1010215-C\u00f2pia-300x241.jpg\" alt=\"P1010215 - C\u00f2pia\" width=\"300\" height=\"241\" srcset=\"https:\/\/auques.cat\/bloc\/wp-content\/uploads\/2015\/07\/P1010215-C\u00f2pia-300x241.jpg 300w, https:\/\/auques.cat\/bloc\/wp-content\/uploads\/2015\/07\/P1010215-C\u00f2pia.jpg 400w\" sizes=\"auto, (max-width: 300px) 100vw, 300px\" \/><\/a><\/p>\n<p><a href=\"http:\/\/www.vilaweb.cat\/noticia\/4432882\/20150711\/manlleu-celebra-exposicio-10-anys-festa-serpent.html\">Per saber-ne m\u00e9s<\/a><\/p>\n<p><a href=\"http:\/\/el9nou.cat\/noticies_o_0\/42819\/festa-del-serpent-manlleu-10-anys\">I una mica m\u00e9s<\/a><\/p>\n<p><a href=\"http:\/\/www.elter.net\/noticia\/18370\/cultura\/manlleu\/els-10-anys-festa-del-serpent-exposicio-temporal-museu-del-ter#.Va4MxvntkoJ\">I encara una mica m\u00e9s<\/a><\/p>\n","protected":false},"excerpt":{"rendered":"<p>Dem\u00e0 14 de juliol, \u00a0a Manlleu, \u00a0presentem l&#8217;Auca de la Festa del Serpent de Manlleu, amb dibuixos \u00a0de Toni Donada, que ha estat publicada en motiu de la inauguraci\u00f3 de l&#8217;exposici\u00f3 que celebra els deu anys de vida de la festa. Per saber-ne m\u00e9s I una mica m\u00e9s I encara una mica m\u00e9s<\/p>\n","protected":false},"author":4,"featured_media":0,"comment_status":"open","ping_status":"open","sticky":false,"template":"","format":"standard","meta":{"footnotes":""},"categories":[3],"tags":[],"class_list":["post-569","post","type-post","status-publish","format-standard","hentry","category-noticies"],"_links":{"self":[{"href":"https:\/\/auques.cat\/bloc\/index.php?rest_route=\/wp\/v2\/posts\/569","targetHints":{"allow":["GET"]}}],"collection":[{"href":"https:\/\/auques.cat\/bloc\/index.php?rest_route=\/wp\/v2\/posts"}],"about":[{"href":"https:\/\/auques.cat\/bloc\/index.php?rest_route=\/wp\/v2\/types\/post"}],"author":[{"embeddable":true,"href":"https:\/\/auques.cat\/bloc\/index.php?rest_route=\/wp\/v2\/users\/4"}],"replies":[{"embeddable":true,"href":"https:\/\/auques.cat\/bloc\/index.php?rest_route=%2Fwp%2Fv2%2Fcomments&post=569"}],"version-history":[{"count":9,"href":"https:\/\/auques.cat\/bloc\/index.php?rest_route=\/wp\/v2\/posts\/569\/revisions"}],"predecessor-version":[{"id":612,"href":"https:\/\/auques.cat\/bloc\/index.php?rest_route=\/wp\/v2\/posts\/569\/revisions\/612"}],"wp:attachment":[{"href":"https:\/\/auques.cat\/bloc\/index.php?rest_route=%2Fwp%2Fv2%2Fmedia&parent=569"}],"wp:term":[{"taxonomy":"category","embeddable":true,"href":"https:\/\/auques.cat\/bloc\/index.php?rest_route=%2Fwp%2Fv2%2Fcategories&post=569"},{"taxonomy":"post_tag","embeddable":true,"href":"https:\/\/auques.cat\/bloc\/index.php?rest_route=%2Fwp%2Fv2%2Ftags&post=569"}],"curies":[{"name":"wp","href":"https:\/\/api.w.org\/{rel}","templated":true}]}}