{"id":1462,"date":"2023-02-22T08:53:43","date_gmt":"2023-02-22T08:53:43","guid":{"rendered":"https:\/\/auques.cat\/bloc\/?p=1462"},"modified":"2023-11-16T19:15:06","modified_gmt":"2023-11-16T19:15:06","slug":"auca-del-rector-de-vallfogona","status":"publish","type":"post","link":"https:\/\/auques.cat\/bloc\/?p=1462","title":{"rendered":"AUCA DEL RECTOR DE VALLFOGONA"},"content":{"rendered":"\n<p>Aqu\u00ed teniu l&#8217;Auca de Vicen\u00e7 Garcia, el rector de Vallfogona,  per si us pot fer servei enguany que recordem els 400 anys del seu trasp\u00e0s. Amb aquest format us ser\u00e0 ben f\u00e0cil de tenir-la en paper i poder-la penjar a la paret de la classe.<\/p>\n\n\n\n<figure class=\"wp-block-gallery has-nested-images columns-default is-cropped wp-block-gallery-1 is-layout-flex wp-block-gallery-is-layout-flex\">\n<figure class=\"wp-block-image size-large\"><a href=\"https:\/\/auques.cat\/bloc\/wp-content\/uploads\/2023\/11\/AUCA-DE-VICENC-GARCIA.jpg\"><img loading=\"lazy\" decoding=\"async\" width=\"710\" height=\"1024\" data-id=\"1541\" src=\"https:\/\/auques.cat\/bloc\/wp-content\/uploads\/2023\/11\/AUCA-DE-VICENC-GARCIA-710x1024.jpg\" alt=\"\" class=\"wp-image-1541\" srcset=\"https:\/\/auques.cat\/bloc\/wp-content\/uploads\/2023\/11\/AUCA-DE-VICENC-GARCIA-710x1024.jpg 710w, https:\/\/auques.cat\/bloc\/wp-content\/uploads\/2023\/11\/AUCA-DE-VICENC-GARCIA-208x300.jpg 208w, https:\/\/auques.cat\/bloc\/wp-content\/uploads\/2023\/11\/AUCA-DE-VICENC-GARCIA-768x1108.jpg 768w, https:\/\/auques.cat\/bloc\/wp-content\/uploads\/2023\/11\/AUCA-DE-VICENC-GARCIA-1064x1536.jpg 1064w, https:\/\/auques.cat\/bloc\/wp-content\/uploads\/2023\/11\/AUCA-DE-VICENC-GARCIA.jpg 1316w\" sizes=\"auto, (max-width: 710px) 100vw, 710px\" \/><\/a><\/figure>\n<\/figure>\n\n\n\n<p><\/p>\n\n\n\n<p><\/p>\n","protected":false},"excerpt":{"rendered":"<p>Aqu\u00ed teniu l&#8217;Auca de Vicen\u00e7 Garcia, el rector de Vallfogona, per si us pot fer servei enguany que recordem els 400 anys del seu trasp\u00e0s. Amb aquest format us ser\u00e0 ben f\u00e0cil de tenir-la en paper i poder-la penjar a la paret de la classe.<\/p>\n","protected":false},"author":4,"featured_media":0,"comment_status":"open","ping_status":"open","sticky":false,"template":"","format":"standard","meta":{"footnotes":""},"categories":[3],"tags":[],"class_list":["post-1462","post","type-post","status-publish","format-standard","hentry","category-noticies"],"_links":{"self":[{"href":"https:\/\/auques.cat\/bloc\/index.php?rest_route=\/wp\/v2\/posts\/1462","targetHints":{"allow":["GET"]}}],"collection":[{"href":"https:\/\/auques.cat\/bloc\/index.php?rest_route=\/wp\/v2\/posts"}],"about":[{"href":"https:\/\/auques.cat\/bloc\/index.php?rest_route=\/wp\/v2\/types\/post"}],"author":[{"embeddable":true,"href":"https:\/\/auques.cat\/bloc\/index.php?rest_route=\/wp\/v2\/users\/4"}],"replies":[{"embeddable":true,"href":"https:\/\/auques.cat\/bloc\/index.php?rest_route=%2Fwp%2Fv2%2Fcomments&post=1462"}],"version-history":[{"count":14,"href":"https:\/\/auques.cat\/bloc\/index.php?rest_route=\/wp\/v2\/posts\/1462\/revisions"}],"predecessor-version":[{"id":1542,"href":"https:\/\/auques.cat\/bloc\/index.php?rest_route=\/wp\/v2\/posts\/1462\/revisions\/1542"}],"wp:attachment":[{"href":"https:\/\/auques.cat\/bloc\/index.php?rest_route=%2Fwp%2Fv2%2Fmedia&parent=1462"}],"wp:term":[{"taxonomy":"category","embeddable":true,"href":"https:\/\/auques.cat\/bloc\/index.php?rest_route=%2Fwp%2Fv2%2Fcategories&post=1462"},{"taxonomy":"post_tag","embeddable":true,"href":"https:\/\/auques.cat\/bloc\/index.php?rest_route=%2Fwp%2Fv2%2Ftags&post=1462"}],"curies":[{"name":"wp","href":"https:\/\/api.w.org\/{rel}","templated":true}]}}