{"id":1281,"date":"2022-03-22T10:57:15","date_gmt":"2022-03-22T10:57:15","guid":{"rendered":"https:\/\/auques.cat\/bloc\/?p=1281"},"modified":"2022-03-23T08:51:40","modified_gmt":"2022-03-23T08:51:40","slug":"homenatge-a-ricard-torrents-folgueroles","status":"publish","type":"post","link":"https:\/\/auques.cat\/bloc\/?p=1281","title":{"rendered":"Homenatge a Ricard Torrents. Folgueroles"},"content":{"rendered":"\n<p>Gr\u00e0cies a la iniciativa d&#8217;Amics de Verdaguer, la Fundaci\u00f3 Verdaguer i l&#8217;Ajuntament, Folgueroles vam homenatjar el passat mes de gener de 2022 el folguerolenc il\u00b7lustre, Ricard Torrents i Bertrana, que ha &#8220;a solc i eixam&#8221; ha sembrat al llarg dels anys autoestima verdagueriana a Folgueroles, el bressol de Mn. Cinto, i arreu del pa\u00eds i m\u00e9s enll\u00e0 fent-nos ser m\u00e9s conscients del gran patrimoni que tenim:  la llengua de la p\u00e0tria que ens identifica. Per molts anys, Ricard!<\/p>\n\n\n\n<p><\/p>\n\n\n\n<figure class=\"wp-block-image size-large\"><a href=\"https:\/\/auques.cat\/bloc\/wp-content\/uploads\/2022\/03\/60x40_Torrents-copia-copia-10-copia.jpg\"><img loading=\"lazy\" decoding=\"async\" width=\"783\" height=\"669\" src=\"https:\/\/auques.cat\/bloc\/wp-content\/uploads\/2022\/03\/60x40_Torrents-copia-copia-10-copia.jpg\" alt=\"\" class=\"wp-image-1284\" srcset=\"https:\/\/auques.cat\/bloc\/wp-content\/uploads\/2022\/03\/60x40_Torrents-copia-copia-10-copia.jpg 783w, https:\/\/auques.cat\/bloc\/wp-content\/uploads\/2022\/03\/60x40_Torrents-copia-copia-10-copia-300x256.jpg 300w, https:\/\/auques.cat\/bloc\/wp-content\/uploads\/2022\/03\/60x40_Torrents-copia-copia-10-copia-768x656.jpg 768w\" sizes=\"auto, (max-width: 783px) 100vw, 783px\" \/><\/a><\/figure>\n\n\n\n<p><\/p>\n\n\n\n<figure class=\"wp-block-image size-large\"><a href=\"https:\/\/auques.cat\/bloc\/wp-content\/uploads\/2022\/03\/nuevo-1.jpg\"><img loading=\"lazy\" decoding=\"async\" width=\"731\" height=\"934\" src=\"https:\/\/auques.cat\/bloc\/wp-content\/uploads\/2022\/03\/nuevo-1.jpg\" alt=\"\" class=\"wp-image-1285\" srcset=\"https:\/\/auques.cat\/bloc\/wp-content\/uploads\/2022\/03\/nuevo-1.jpg 731w, https:\/\/auques.cat\/bloc\/wp-content\/uploads\/2022\/03\/nuevo-1-235x300.jpg 235w\" sizes=\"auto, (max-width: 731px) 100vw, 731px\" \/><\/a><\/figure>\n","protected":false},"excerpt":{"rendered":"<p>Gr\u00e0cies a la iniciativa d&#8217;Amics de Verdaguer, la Fundaci\u00f3 Verdaguer i l&#8217;Ajuntament, Folgueroles vam homenatjar el passat mes de gener de 2022 el folguerolenc il\u00b7lustre, Ricard Torrents i Bertrana, que ha &#8220;a solc i eixam&#8221; ha sembrat al llarg dels anys autoestima verdagueriana a Folgueroles, el bressol de Mn. Cinto, i arreu del pa\u00eds i &hellip; <a href=\"https:\/\/auques.cat\/bloc\/?p=1281\" class=\"more-link\">Continua la lectura de <span class=\"screen-reader-text\">Homenatge a Ricard Torrents. Folgueroles<\/span><\/a><\/p>\n","protected":false},"author":4,"featured_media":0,"comment_status":"open","ping_status":"open","sticky":false,"template":"","format":"standard","meta":{"footnotes":""},"categories":[3],"tags":[],"class_list":["post-1281","post","type-post","status-publish","format-standard","hentry","category-noticies"],"_links":{"self":[{"href":"https:\/\/auques.cat\/bloc\/index.php?rest_route=\/wp\/v2\/posts\/1281","targetHints":{"allow":["GET"]}}],"collection":[{"href":"https:\/\/auques.cat\/bloc\/index.php?rest_route=\/wp\/v2\/posts"}],"about":[{"href":"https:\/\/auques.cat\/bloc\/index.php?rest_route=\/wp\/v2\/types\/post"}],"author":[{"embeddable":true,"href":"https:\/\/auques.cat\/bloc\/index.php?rest_route=\/wp\/v2\/users\/4"}],"replies":[{"embeddable":true,"href":"https:\/\/auques.cat\/bloc\/index.php?rest_route=%2Fwp%2Fv2%2Fcomments&post=1281"}],"version-history":[{"count":11,"href":"https:\/\/auques.cat\/bloc\/index.php?rest_route=\/wp\/v2\/posts\/1281\/revisions"}],"predecessor-version":[{"id":1297,"href":"https:\/\/auques.cat\/bloc\/index.php?rest_route=\/wp\/v2\/posts\/1281\/revisions\/1297"}],"wp:attachment":[{"href":"https:\/\/auques.cat\/bloc\/index.php?rest_route=%2Fwp%2Fv2%2Fmedia&parent=1281"}],"wp:term":[{"taxonomy":"category","embeddable":true,"href":"https:\/\/auques.cat\/bloc\/index.php?rest_route=%2Fwp%2Fv2%2Fcategories&post=1281"},{"taxonomy":"post_tag","embeddable":true,"href":"https:\/\/auques.cat\/bloc\/index.php?rest_route=%2Fwp%2Fv2%2Ftags&post=1281"}],"curies":[{"name":"wp","href":"https:\/\/api.w.org\/{rel}","templated":true}]}}