{"id":1194,"date":"2020-02-17T16:44:58","date_gmt":"2020-02-17T16:44:58","guid":{"rendered":"http:\/\/auques.cat\/bloc\/?p=1194"},"modified":"2020-02-17T16:44:58","modified_gmt":"2020-02-17T16:44:58","slug":"exposicio-auca-de-guillem-defak-a-manacor","status":"publish","type":"post","link":"https:\/\/auques.cat\/bloc\/?p=1194","title":{"rendered":"EXPOSICI\u00d3 AUCA DE GUILLEM D&#8217;EFAK A MANACOR"},"content":{"rendered":"\n<p>Poques vegades una auca meva ha estat tan ben rebuda com aquesta. A tot l&#8217;equip que me l&#8217;haveu duit a bon port, grans merc\u00e8s que diria Verdaguer. <\/p>\n\n\n\n<p>En resum, he tornat del Regne de Mallorca content i afortunat d\u2019haver fet amistats impagables amb gent que estima i  coneix  la vida i obra de Guillem d\u2019Efak i que fa el que pot i m\u00e9s per divulgar-la. <\/p>\n\n\n\n<p>Vegeu el parlament que ens va llegir en  Balutxo  en l\u2019acte d\u2019inauguraci\u00f3 que ha penjat al seu blog, poc abans de l&#8217;actuaci\u00f3 de Biel Majoral i Maria Rossell\u00f3, acompanyats de Delf\u00ed Mulet, Cati Obrador y Biel Torres, guitarra, obo\u00e8 i clarinet.  <\/p>\n\n\n\n<p><a href=\"https:\/\/blocs.mesvilaweb.cat\/balutxo\/\">https:\/\/blocs.mesvilaweb.cat\/balutxo\/<\/a><\/p>\n\n\n\n<figure class=\"wp-block-image\"><img loading=\"lazy\" decoding=\"async\" width=\"720\" height=\"960\" src=\"https:\/\/auques.cat\/bloc\/wp-content\/uploads\/2020\/02\/85019825_3110848168948150_2155898429530701824_n.jpg\" alt=\"\" class=\"wp-image-1197\" srcset=\"https:\/\/auques.cat\/bloc\/wp-content\/uploads\/2020\/02\/85019825_3110848168948150_2155898429530701824_n.jpg 720w, https:\/\/auques.cat\/bloc\/wp-content\/uploads\/2020\/02\/85019825_3110848168948150_2155898429530701824_n-225x300.jpg 225w\" sizes=\"auto, (max-width: 720px) 100vw, 720px\" \/><\/figure>\n\n\n\n<figure class=\"wp-block-image\"><img loading=\"lazy\" decoding=\"async\" width=\"670\" height=\"377\" src=\"https:\/\/auques.cat\/bloc\/wp-content\/uploads\/2020\/02\/7730_143641.jpg\" alt=\"\" class=\"wp-image-1199\" srcset=\"https:\/\/auques.cat\/bloc\/wp-content\/uploads\/2020\/02\/7730_143641.jpg 670w, https:\/\/auques.cat\/bloc\/wp-content\/uploads\/2020\/02\/7730_143641-300x169.jpg 300w\" sizes=\"auto, (max-width: 670px) 100vw, 670px\" \/><\/figure>\n\n\n\n<figure class=\"wp-block-image\"><img loading=\"lazy\" decoding=\"async\" width=\"1024\" height=\"768\" src=\"https:\/\/auques.cat\/bloc\/wp-content\/uploads\/2020\/02\/8c75ef3b-ae73-4516-aac1-f005c560a019-1024x768.jpg\" alt=\"\" class=\"wp-image-1198\" srcset=\"https:\/\/auques.cat\/bloc\/wp-content\/uploads\/2020\/02\/8c75ef3b-ae73-4516-aac1-f005c560a019.jpg 1024w, https:\/\/auques.cat\/bloc\/wp-content\/uploads\/2020\/02\/8c75ef3b-ae73-4516-aac1-f005c560a019-300x225.jpg 300w, https:\/\/auques.cat\/bloc\/wp-content\/uploads\/2020\/02\/8c75ef3b-ae73-4516-aac1-f005c560a019-768x576.jpg 768w\" sizes=\"auto, (max-width: 1024px) 100vw, 1024px\" \/><\/figure>\n\n\n\n<figure class=\"wp-block-image\"><img loading=\"lazy\" decoding=\"async\" width=\"670\" height=\"377\" src=\"https:\/\/auques.cat\/bloc\/wp-content\/uploads\/2020\/02\/6253_143612.jpg\" alt=\"\" class=\"wp-image-1200\" srcset=\"https:\/\/auques.cat\/bloc\/wp-content\/uploads\/2020\/02\/6253_143612.jpg 670w, https:\/\/auques.cat\/bloc\/wp-content\/uploads\/2020\/02\/6253_143612-300x169.jpg 300w\" sizes=\"auto, (max-width: 670px) 100vw, 670px\" \/><\/figure>\n","protected":false},"excerpt":{"rendered":"<p>Poques vegades una auca meva ha estat tan ben rebuda com aquesta. A tot l&#8217;equip que me l&#8217;haveu duit a bon port, grans merc\u00e8s que diria Verdaguer. En resum, he tornat del Regne de Mallorca content i afortunat d\u2019haver fet amistats impagables amb gent que estima i coneix la vida i obra de Guillem d\u2019Efak &hellip; <a href=\"https:\/\/auques.cat\/bloc\/?p=1194\" class=\"more-link\">Continua la lectura de <span class=\"screen-reader-text\">EXPOSICI\u00d3 AUCA DE GUILLEM D&#8217;EFAK A MANACOR<\/span><\/a><\/p>\n","protected":false},"author":4,"featured_media":0,"comment_status":"open","ping_status":"open","sticky":false,"template":"","format":"standard","meta":{"footnotes":""},"categories":[3],"tags":[],"class_list":["post-1194","post","type-post","status-publish","format-standard","hentry","category-noticies"],"_links":{"self":[{"href":"https:\/\/auques.cat\/bloc\/index.php?rest_route=\/wp\/v2\/posts\/1194","targetHints":{"allow":["GET"]}}],"collection":[{"href":"https:\/\/auques.cat\/bloc\/index.php?rest_route=\/wp\/v2\/posts"}],"about":[{"href":"https:\/\/auques.cat\/bloc\/index.php?rest_route=\/wp\/v2\/types\/post"}],"author":[{"embeddable":true,"href":"https:\/\/auques.cat\/bloc\/index.php?rest_route=\/wp\/v2\/users\/4"}],"replies":[{"embeddable":true,"href":"https:\/\/auques.cat\/bloc\/index.php?rest_route=%2Fwp%2Fv2%2Fcomments&post=1194"}],"version-history":[{"count":3,"href":"https:\/\/auques.cat\/bloc\/index.php?rest_route=\/wp\/v2\/posts\/1194\/revisions"}],"predecessor-version":[{"id":1201,"href":"https:\/\/auques.cat\/bloc\/index.php?rest_route=\/wp\/v2\/posts\/1194\/revisions\/1201"}],"wp:attachment":[{"href":"https:\/\/auques.cat\/bloc\/index.php?rest_route=%2Fwp%2Fv2%2Fmedia&parent=1194"}],"wp:term":[{"taxonomy":"category","embeddable":true,"href":"https:\/\/auques.cat\/bloc\/index.php?rest_route=%2Fwp%2Fv2%2Fcategories&post=1194"},{"taxonomy":"post_tag","embeddable":true,"href":"https:\/\/auques.cat\/bloc\/index.php?rest_route=%2Fwp%2Fv2%2Ftags&post=1194"}],"curies":[{"name":"wp","href":"https:\/\/api.w.org\/{rel}","templated":true}]}}