{"id":1183,"date":"2020-01-07T08:34:06","date_gmt":"2020-01-07T08:34:06","guid":{"rendered":"http:\/\/auques.cat\/bloc\/?p=1183"},"modified":"2020-01-07T08:34:06","modified_gmt":"2020-01-07T08:34:06","slug":"presentacio-de-lauca-de-feliu-formosa","status":"publish","type":"post","link":"https:\/\/auques.cat\/bloc\/?p=1183","title":{"rendered":"Presentaci\u00f3 de l&#8217;Auca de Feliu Formosa"},"content":{"rendered":"\n<figure class=\"wp-block-image\"><img loading=\"lazy\" decoding=\"async\" width=\"502\" height=\"338\" src=\"https:\/\/auques.cat\/bloc\/wp-content\/uploads\/2020\/01\/baixa-res.jpg\" alt=\"\" class=\"wp-image-1184\" srcset=\"https:\/\/auques.cat\/bloc\/wp-content\/uploads\/2020\/01\/baixa-res.jpg 502w, https:\/\/auques.cat\/bloc\/wp-content\/uploads\/2020\/01\/baixa-res-300x202.jpg 300w\" sizes=\"auto, (max-width: 502px) 100vw, 502px\" \/><\/figure>\n\n\n\n<p><strong>\u201cL\u2019Auca de Feliu Formosa, nova activitat dedicada al poeta i traductor<\/strong><\/p>\n\n\n\n<p>Data:&nbsp;19\/12\/19<\/p>\n\n\n\n<p>El Centre Cultural Terrassa ha estat escenari aquest\ndimecres d\u2019una nova activitat del cicle Terrassa a Feliu Formosa que se celebra\ndel 12 de desembre al 2 de gener de 2020.<\/p>\n\n\n\n<p>Est\u00e0 impulsat per diverses entitats locals, d\u2019entre\nles que figura Amics de les Arts i Joventuts Musicals.<\/p>\n\n\n\n<p>En aquest cas s\u2019han dut a terme dos actes. El primer\nha estat l&#8217;\u201dAuca de Feliu Formosa\u201d, amb text de l\u2019auquista Joan Vilamala i 48\nil\u00b7lustracions d\u2019Anna Clariana. Tots dos han signat les auques numerades i a\ntot color per a col\u00b7leccionistes.<\/p>\n\n\n\n<p>Posteriorment s\u2019ha presentat el poemari amb un recital\nen pendrive \u201cDarrere el vidre\u201d. S\u2019ha pogut seguir l\u2019\u00e0udio i el v\u00eddeo del\nrecital enregistrat en directe a la Nova Jazz Cava el dia 23 de maig passat.<\/p>\n\n\n\n<p>D\u2019aquesta manera, Terrassa homenatja la figura de\nFeliu Formosa, home de teatre, poeta i traductor. Formosa, als 84 anys, encara\ncontinua en actiu, sobretot en la traducci\u00f3.\u201d<\/p>\n\n\n\n<p>En aquest context, doncs vaig tenir\nocasi\u00f3 de parlar amb en Feliu i la seva filla, Clara, que\nl\u2019acompanyava. Ens vam trobar justament aix\u00ed que sort\u00edem del cotxe i acab\u00e0vem\nd\u2019aparcar al costat del Centre Cultural. L\u2019auca li va agradar i agra\u00eft com \u00e9s\nem va felicitar i tot.<\/p>\n\n\n\n<figure class=\"wp-block-image\"><img loading=\"lazy\" decoding=\"async\" width=\"775\" height=\"1024\" src=\"https:\/\/auques.cat\/bloc\/wp-content\/uploads\/2020\/01\/Article_del_diari18.12.19_page-0001-775x1024.jpg\" alt=\"\" class=\"wp-image-1189\" srcset=\"https:\/\/auques.cat\/bloc\/wp-content\/uploads\/2020\/01\/Article_del_diari18.12.19_page-0001-775x1024.jpg 775w, https:\/\/auques.cat\/bloc\/wp-content\/uploads\/2020\/01\/Article_del_diari18.12.19_page-0001-227x300.jpg 227w, https:\/\/auques.cat\/bloc\/wp-content\/uploads\/2020\/01\/Article_del_diari18.12.19_page-0001-768x1015.jpg 768w, https:\/\/auques.cat\/bloc\/wp-content\/uploads\/2020\/01\/Article_del_diari18.12.19_page-0001.jpg 1240w\" sizes=\"auto, (max-width: 775px) 100vw, 775px\" \/><\/figure>\n","protected":false},"excerpt":{"rendered":"<p>\u201cL\u2019Auca de Feliu Formosa, nova activitat dedicada al poeta i traductor Data:&nbsp;19\/12\/19 El Centre Cultural Terrassa ha estat escenari aquest dimecres d\u2019una nova activitat del cicle Terrassa a Feliu Formosa que se celebra del 12 de desembre al 2 de gener de 2020. Est\u00e0 impulsat per diverses entitats locals, d\u2019entre les que figura Amics de &hellip; <a href=\"https:\/\/auques.cat\/bloc\/?p=1183\" class=\"more-link\">Continua la lectura de <span class=\"screen-reader-text\">Presentaci\u00f3 de l&#8217;Auca de Feliu Formosa<\/span><\/a><\/p>\n","protected":false},"author":4,"featured_media":0,"comment_status":"open","ping_status":"open","sticky":false,"template":"","format":"standard","meta":{"footnotes":""},"categories":[3],"tags":[],"class_list":["post-1183","post","type-post","status-publish","format-standard","hentry","category-noticies"],"_links":{"self":[{"href":"https:\/\/auques.cat\/bloc\/index.php?rest_route=\/wp\/v2\/posts\/1183","targetHints":{"allow":["GET"]}}],"collection":[{"href":"https:\/\/auques.cat\/bloc\/index.php?rest_route=\/wp\/v2\/posts"}],"about":[{"href":"https:\/\/auques.cat\/bloc\/index.php?rest_route=\/wp\/v2\/types\/post"}],"author":[{"embeddable":true,"href":"https:\/\/auques.cat\/bloc\/index.php?rest_route=\/wp\/v2\/users\/4"}],"replies":[{"embeddable":true,"href":"https:\/\/auques.cat\/bloc\/index.php?rest_route=%2Fwp%2Fv2%2Fcomments&post=1183"}],"version-history":[{"count":2,"href":"https:\/\/auques.cat\/bloc\/index.php?rest_route=\/wp\/v2\/posts\/1183\/revisions"}],"predecessor-version":[{"id":1190,"href":"https:\/\/auques.cat\/bloc\/index.php?rest_route=\/wp\/v2\/posts\/1183\/revisions\/1190"}],"wp:attachment":[{"href":"https:\/\/auques.cat\/bloc\/index.php?rest_route=%2Fwp%2Fv2%2Fmedia&parent=1183"}],"wp:term":[{"taxonomy":"category","embeddable":true,"href":"https:\/\/auques.cat\/bloc\/index.php?rest_route=%2Fwp%2Fv2%2Fcategories&post=1183"},{"taxonomy":"post_tag","embeddable":true,"href":"https:\/\/auques.cat\/bloc\/index.php?rest_route=%2Fwp%2Fv2%2Ftags&post=1183"}],"curies":[{"name":"wp","href":"https:\/\/api.w.org\/{rel}","templated":true}]}}